{"id":1574,"date":"2026-04-19T10:22:12","date_gmt":"2026-04-19T08:22:12","guid":{"rendered":"http:\/\/www.betare-oya.com\/?p=1574"},"modified":"2026-04-21T17:54:41","modified_gmt":"2026-04-21T15:54:41","slug":"ferme_avicole","status":"publish","type":"post","link":"https:\/\/www.betare-oya.com\/index.php\/2026\/04\/19\/ferme_avicole\/","title":{"rendered":"\ud835\udc05\ud835\udc04\ud835\udc11\ud835\udc0c\ud835\udc04 \ud835\udc00\ud835\udc15\ud835\udc08\ud835\udc02\ud835\udc0e\ud835\udc0b\ud835\udc04 \ud835\udc03\ud835\udc04 \ud835\udc0a\ud835\udc04\ud835\udc13\ud835\udc13\ud835\udc04 : \ud835\udc0f\ud835\udc11\ud835\udc04\ud835\udc0c\ud835\udc08\ud835\udc04\u0300\ud835\udc11\ud835\udc04 \ud835\udc15\ud835\udc04\ud835\udc0d\ud835\udc13\ud835\udc04 \ud835\udc03\u2019\u0152\ud835\udc14\ud835\udc05\ud835\udc12 \ud835\udc03\ud835\udc04 \ud835\udc13\ud835\udc00\ud835\udc01\ud835\udc0b\ud835\udc04 \ud835\udc03\ud835\udc04 \ud835\udc0b\ud835\udc00 \ud835\udfd0\ud835\udc1e \ud835\udc15\ud835\udc00\ud835\udc06\ud835\udc14\ud835\udc04"},"content":{"rendered":"\n<p>September 18, 2025<\/p>\n\n\n\n<p>8:00 am &#8211; 12:00 pm<\/p>\n\n\n\n<p>batouri<\/p>\n\n\n\n<p><a href=\"http:\/\/addtocalendar.com\/atc\/google?utz=420&amp;uln=en-US&amp;vjs=1.5&amp;e[0][date_start]=09\/18\/25 08:00&amp;e[0][date_end]=09\/18\/25 12:00&amp;e[0][timezone]=&amp;e[0][title]=????? ??????? ?? ????? : ??????\u0300?? ????? ?\u2019\u0152??? ?? ????? ?? ?? ?? ?????&amp;e[0][description]=Le mardi 16 septembre 2025 \u00e0 Kette, la ferme avicole du Syndicat des Communes de la Kadey (SYNCOKAD) a proc\u00e9d\u00e9 \u00e0 la premi\u00e8re vente d\u2019\u0153ufs de table issus de la deuxi\u00e8me vague de production. Cette initiative est soutenue par le projet SOLID \u00e0 travers l\u2019ONG CARE Internationale. Apr\u00e8s des d\u00e9buts marqu\u00e9s par des difficult\u00e9s, cette [\u2026]&lt;br&gt;&lt;br&gt;https:\/\/www.betare-oya.cm\/event\/%f0%9d%90%85%f0%9d%90%84%f0%9d%90%91%f0%9d%90%8c%f0%9d%90%84-%f0%9d%90%80%f0%9d%90%95%f0%9d%90%88%f0%9d%90%82%f0%9d%90%8e%f0%9d%90%8b%f0%9d%90%84-%f0%9d%90%83%f0%9d%90%84-%f0%9d%90%8a%f0%9d%90%84\/&amp;e[0][location]=batouri&amp;e[0][organizer]=&amp;e[0][organizer_email]=\" target=\"_blank\" rel=\"noreferrer noopener\">+ Google Calendar <\/a><a href=\"http:\/\/addtocalendar.com\/atc\/ical?utz=420&amp;uln=en-US&amp;vjs=1.5&amp;e[0][date_start]=09\/18\/25 08:00&amp;e[0][date_end]=09\/18\/25 12:00&amp;e[0][timezone]=&amp;e[0][title]=????? ??????? ?? ????? : ??????\u0300?? ????? ?\u2019\u0152??? ?? ????? ?? ?? ?? ?????&amp;e[0][description]=Le mardi 16 septembre 2025 \u00e0 Kette, la ferme avicole du Syndicat des Communes de la Kadey (SYNCOKAD) a proc\u00e9d\u00e9 \u00e0 la premi\u00e8re vente d\u2019\u0153ufs de table issus de la deuxi\u00e8me vague de production. Cette initiative est soutenue par le projet SOLID \u00e0 travers l\u2019ONG CARE Internationale. Apr\u00e8s des d\u00e9buts marqu\u00e9s par des difficult\u00e9s, cette [\u2026]&lt;br&gt;&lt;br&gt;https:\/\/www.betare-oya.cm\/event\/%f0%9d%90%85%f0%9d%90%84%f0%9d%90%91%f0%9d%90%8c%f0%9d%90%84-%f0%9d%90%80%f0%9d%90%95%f0%9d%90%88%f0%9d%90%82%f0%9d%90%8e%f0%9d%90%8b%f0%9d%90%84-%f0%9d%90%83%f0%9d%90%84-%f0%9d%90%8a%f0%9d%90%84\/&amp;e[0][location]=batouri&amp;e[0][organizer]=&amp;e[0][organizer_email]=\" target=\"_blank\" rel=\"noreferrer noopener\">+ Ical Export<\/a><\/p>\n\n\n\n<p>Le mardi 16 septembre 2025 \u00e0 Kette, la ferme avicole du Syndicat des Communes de la Kadey (SYNCOKAD) a proc\u00e9d\u00e9 \u00e0 la premi\u00e8re vente d\u2019\u0153ufs de table issus de la deuxi\u00e8me vague de production. Cette initiative est soutenue par le projet SOLID \u00e0 travers l\u2019ONG CARE Internationale.<\/p>\n\n\n\n<p>Apr\u00e8s des d\u00e9buts marqu\u00e9s par des difficult\u00e9s, cette nouvelle phase t\u00e9moigne de la mont\u00e9e en puissance de la ferme.<\/p>\n\n\n\n<p>&nbsp;Gauthier Baba Djaro, technicien en production animale du syndicat, est revenu sur le processus ayant conduit \u00e0 cette premi\u00e8re vente.<\/p>\n\n\n\n<figure class=\"wp-block-image size-large\"><img fetchpriority=\"high\" decoding=\"async\" width=\"1024\" height=\"576\" src=\"http:\/\/www.betare-oya.com\/wp-content\/uploads\/2026\/04\/image-24-1024x576.png\" alt=\"\" class=\"wp-image-1581\" srcset=\"https:\/\/www.betare-oya.com\/wp-content\/uploads\/2026\/04\/image-24-1024x576.png 1024w, https:\/\/www.betare-oya.com\/wp-content\/uploads\/2026\/04\/image-24-300x169.png 300w, https:\/\/www.betare-oya.com\/wp-content\/uploads\/2026\/04\/image-24-768x432.png 768w, https:\/\/www.betare-oya.com\/wp-content\/uploads\/2026\/04\/image-24.png 1080w\" sizes=\"(max-width: 1024px) 100vw, 1024px\" \/><\/figure>\n\n\n\n<p>Gr\u00e2ce aux solutions techniques adapt\u00e9es mises en \u0153uvre par l\u2019\u00e9quipe d\u2019encadrement, la production a retrouv\u00e9 un rythme satisfaisant.<\/p>\n\n\n\n<figure class=\"wp-block-image size-full\"><img decoding=\"async\" width=\"768\" height=\"512\" src=\"http:\/\/www.betare-oya.com\/wp-content\/uploads\/2026\/04\/image-23-1.png\" alt=\"\" class=\"wp-image-1582\" srcset=\"https:\/\/www.betare-oya.com\/wp-content\/uploads\/2026\/04\/image-23-1.png 768w, https:\/\/www.betare-oya.com\/wp-content\/uploads\/2026\/04\/image-23-1-300x200.png 300w\" sizes=\"(max-width: 768px) 100vw, 768px\" \/><\/figure>\n\n\n\n<p>C\u00e9dric Tchounkeu, m\u00e9decin v\u00e9t\u00e9rinaire et partenaire technique du projet, a d\u00e9taill\u00e9 les appuis apport\u00e9s par la ferme.<\/p>\n\n\n\n<p>Au total, pr\u00e8s de 40 cartons d\u2019\u0153ufs ont \u00e9t\u00e9 \u00e9coul\u00e9s sur le march\u00e9 local, une v\u00e9ritable opportunit\u00e9 pour les grossistes de la Kadey.<\/p>\n\n\n\n<p>Sophie A\u00efe Aissatou, secr\u00e9taire bureautique du SYNCOKAD, a pr\u00e9sent\u00e9 les retomb\u00e9es de cette op\u00e9ration.<\/p>\n\n\n\n<p>Cette dynamique est porteuse d\u2019espoir pour l\u2019avenir du projet.<\/p>\n\n\n\n<figure class=\"wp-block-image size-full\"><img decoding=\"async\" width=\"1020\" height=\"574\" src=\"http:\/\/www.betare-oya.com\/wp-content\/uploads\/2026\/04\/image-25.png\" alt=\"\" class=\"wp-image-1583\" srcset=\"https:\/\/www.betare-oya.com\/wp-content\/uploads\/2026\/04\/image-25.png 1020w, https:\/\/www.betare-oya.com\/wp-content\/uploads\/2026\/04\/image-25-300x169.png 300w, https:\/\/www.betare-oya.com\/wp-content\/uploads\/2026\/04\/image-25-768x432.png 768w\" sizes=\"(max-width: 1020px) 100vw, 1020px\" \/><\/figure>\n\n\n\n<p>Dahirou, Conseiller syndical, a insist\u00e9 sur les perspectives ouvertes par cette relance.<\/p>\n\n\n\n<p>La c\u00e9r\u00e9monie de lancement de cette deuxi\u00e8me vague s\u2019est tenue en pr\u00e9sence de M. Bernard Wol\u00e9, Secr\u00e9taire G\u00e9n\u00e9ral ex\u00e9cutif du SYNCOKAD. D\u00e9sormais, les ventes d\u2019\u0153ufs se tiendront de fa\u00e7on hebdomadaire, au b\u00e9n\u00e9fice des populations et des commer\u00e7ants de la Kadey.<\/p>\n\n\n\n<p>Pour rappel, le Syndicat des Communes de la Kadey (SYNCOKAD), qui regroupe les 7 communes du d\u00e9partement, est pr\u00e9sid\u00e9 par M. Auberlin Mbelessa, Maire de la Commune de Batouri.<\/p>\n","protected":false},"excerpt":{"rendered":"<p>Le mardi 16 septembre 2025 \u00e0 Kette, la ferme avicole du Syndicat des Communes de la Kadey (SYNCOKAD) a proc\u00e9d\u00e9 \u00e0 la premi\u00e8re vente d\u2019\u0153ufs de<\/p>\n","protected":false},"author":1,"featured_media":1575,"comment_status":"open","ping_status":"open","sticky":false,"template":"","format":"standard","meta":{"footnotes":""},"categories":[31],"tags":[],"class_list":["post-1574","post","type-post","status-publish","format-standard","has-post-thumbnail","hentry","category-evenement"],"_links":{"self":[{"href":"https:\/\/www.betare-oya.com\/index.php\/wp-json\/wp\/v2\/posts\/1574","targetHints":{"allow":["GET"]}}],"collection":[{"href":"https:\/\/www.betare-oya.com\/index.php\/wp-json\/wp\/v2\/posts"}],"about":[{"href":"https:\/\/www.betare-oya.com\/index.php\/wp-json\/wp\/v2\/types\/post"}],"author":[{"embeddable":true,"href":"https:\/\/www.betare-oya.com\/index.php\/wp-json\/wp\/v2\/users\/1"}],"replies":[{"embeddable":true,"href":"https:\/\/www.betare-oya.com\/index.php\/wp-json\/wp\/v2\/comments?post=1574"}],"version-history":[{"count":4,"href":"https:\/\/www.betare-oya.com\/index.php\/wp-json\/wp\/v2\/posts\/1574\/revisions"}],"predecessor-version":[{"id":1820,"href":"https:\/\/www.betare-oya.com\/index.php\/wp-json\/wp\/v2\/posts\/1574\/revisions\/1820"}],"wp:featuredmedia":[{"embeddable":true,"href":"https:\/\/www.betare-oya.com\/index.php\/wp-json\/wp\/v2\/media\/1575"}],"wp:attachment":[{"href":"https:\/\/www.betare-oya.com\/index.php\/wp-json\/wp\/v2\/media?parent=1574"}],"wp:term":[{"taxonomy":"category","embeddable":true,"href":"https:\/\/www.betare-oya.com\/index.php\/wp-json\/wp\/v2\/categories?post=1574"},{"taxonomy":"post_tag","embeddable":true,"href":"https:\/\/www.betare-oya.com\/index.php\/wp-json\/wp\/v2\/tags?post=1574"}],"curies":[{"name":"wp","href":"https:\/\/api.w.org\/{rel}","templated":true}]}}