{"id":1506,"date":"2026-04-18T19:41:25","date_gmt":"2026-04-18T17:41:25","guid":{"rendered":"http:\/\/www.betare-oya.com\/?p=1506"},"modified":"2026-04-18T23:27:42","modified_gmt":"2026-04-18T21:27:42","slug":"betare-oya-la-cite-de-lor-accueille-la-deuxieme-edition-de-loperation-zero-enfant-dans-la-mine","status":"publish","type":"post","link":"https:\/\/www.betare-oya.com\/index.php\/2026\/04\/18\/betare-oya-la-cite-de-lor-accueille-la-deuxieme-edition-de-loperation-zero-enfant-dans-la-mine\/","title":{"rendered":"B\u00e9tar\u00e9 Oya : la cit\u00e9 de l\u2019Or accueille la deuxi\u00e8me \u00e9dition de l\u2019op\u00e9ration z\u00e9ro enfant dans la mine"},"content":{"rendered":"\t\t<div data-elementor-type=\"wp-post\" data-elementor-id=\"1506\" class=\"elementor elementor-1506\">\n\t\t\t\t<div class=\"elementor-element elementor-element-6cdc4d8 e-con-full e-flex wpr-particle-no wpr-jarallax-no wpr-parallax-no wpr-sticky-section-no wpr-equal-height-no e-con e-parent\" data-id=\"6cdc4d8\" data-element_type=\"container\" data-e-type=\"container\">\n\t\t<div class=\"elementor-element elementor-element-69773bc e-con-full e-flex wpr-particle-no wpr-jarallax-no wpr-parallax-no wpr-sticky-section-no wpr-equal-height-no e-con e-child\" data-id=\"69773bc\" data-element_type=\"container\" data-e-type=\"container\">\n\t\t\t\t<div class=\"elementor-element elementor-element-5ad7621 elementor-view-default elementor-widget elementor-widget-icon\" data-id=\"5ad7621\" data-element_type=\"widget\" data-e-type=\"widget\" data-widget_type=\"icon.default\">\n\t\t\t\t\t\t\t<div class=\"elementor-icon-wrapper\">\n\t\t\t<div class=\"elementor-icon\">\n\t\t\t<svg aria-hidden=\"true\" class=\"e-font-icon-svg e-fas-quote-left\" viewBox=\"0 0 512 512\" xmlns=\"http:\/\/www.w3.org\/2000\/svg\"><path d=\"M464 256h-80v-64c0-35.3 28.7-64 64-64h8c13.3 0 24-10.7 24-24V56c0-13.3-10.7-24-24-24h-8c-88.4 0-160 71.6-160 160v240c0 26.5 21.5 48 48 48h128c26.5 0 48-21.5 48-48V304c0-26.5-21.5-48-48-48zm-288 0H96v-64c0-35.3 28.7-64 64-64h8c13.3 0 24-10.7 24-24V56c0-13.3-10.7-24-24-24h-8C71.6 32 0 103.6 0 192v240c0 26.5 21.5 48 48 48h128c26.5 0 48-21.5 48-48V304c0-26.5-21.5-48-48-48z\"><\/path><\/svg>\t\t\t<\/div>\n\t\t<\/div>\n\t\t\t\t\t\t<\/div>\n\t\t\t\t<\/div>\n\t\t<div class=\"elementor-element elementor-element-24a0708 e-con-full e-flex wpr-particle-no wpr-jarallax-no wpr-parallax-no wpr-sticky-section-no wpr-equal-height-no e-con e-child\" data-id=\"24a0708\" data-element_type=\"container\" data-e-type=\"container\">\n\t\t\t\t<div class=\"elementor-element elementor-element-4eb3644 elementor-widget elementor-widget-heading\" data-id=\"4eb3644\" data-element_type=\"widget\" data-e-type=\"widget\" data-widget_type=\"heading.default\">\n\t\t\t\t\t<h2 class=\"elementor-heading-title elementor-size-default\">Cet arrondissement situ\u00e9 dans le d\u00e9partement du Lom et Djerem, r\u00e9gion de l\u2019Est compte parmi les sous-sols les plus riches du triangle national. La caravane conduite par la SONAMINES y d\u00e9pose ses valises du 26 au 30 septembre prochain.<\/h2>\t\t\t\t<\/div>\n\t\t\t\t<\/div>\n\t\t\t\t<\/div>\n\t\t<div class=\"elementor-element elementor-element-62e412b e-flex e-con-boxed wpr-particle-no wpr-jarallax-no wpr-parallax-no wpr-sticky-section-no wpr-equal-height-no e-con e-parent\" data-id=\"62e412b\" data-element_type=\"container\" data-e-type=\"container\">\n\t\t\t\t\t<div class=\"e-con-inner\">\n\t\t<div class=\"elementor-element elementor-element-a3c6c84 e-con-full e-flex wpr-particle-no wpr-jarallax-no wpr-parallax-no wpr-sticky-section-no wpr-equal-height-no e-con e-child\" data-id=\"a3c6c84\" data-element_type=\"container\" data-e-type=\"container\">\n\t\t\t\t<div class=\"elementor-element elementor-element-7578134 elementor-widget elementor-widget-text-editor\" data-id=\"7578134\" data-element_type=\"widget\" data-e-type=\"widget\" data-widget_type=\"text-editor.default\">\n\t\t\t\t\t\t\t\t\t<p>Cr\u00e9\u00e9e en 1955, B\u00e9tar\u00e9-Oya, est une ville cosmopolite de plus de 60 000 habitants sur une superficie de 12.600 km\u00b2. Les peuples Gbaya, Centrafricains, peuhls, et autres expatri\u00e9s chinois exer\u00e7ant dans le domaine minier y vivent dans un climat temp\u00e9r\u00e9 et emprunt de convivialit\u00e9. La langue parl\u00e9e ici est le gbaya mbodomo (ou mbodomo), une langue adamawa-oubanguienne du groupe ethnique Gbaya.<\/p><p>B\u00e9tar\u00e9 Oya compte pr\u00e8s de 42 localit\u00e9s \u00e0 l\u2019instar de Mali, Bangbel, Tibanga, Monay, mbodomo, et Doyo. Dans la plupart de ces localit\u00e9s, les populations riveraines s\u2019adonnent \u00e0 l\u2019orpaillage comme moyen de subsistance, y compris les enfants. Des centaines d\u2019entre eux en \u00e2ge scolaire d\u00e9sertent l\u2019\u00e9cole pour les chantiers d\u2019or de la contr\u00e9e. Ce ph\u00e9nom\u00e8ne, pourtant r\u00e9prim\u00e9 par les lois et autorit\u00e9s locales, impacte le taux de scolarisation dans ces localit\u00e9s, entrainant de forts taux de d\u00e9perdition scolaire.<\/p>\t\t\t\t\t\t\t\t<\/div>\n\t\t\t\t<\/div>\n\t\t\t\t\t<\/div>\n\t\t\t\t<\/div>\n\t\t\t\t<div class=\"elementor-element elementor-element-0781a1b e-con e-atomic-element e-flexbox-base e-0781a1b-e6857c8\" data-id=\"0781a1b\" data-element_type=\"e-flexbox\" data-e-type=\"e-flexbox\" data-interaction-id=\"0781a1b\">\n\t\t\t\t\t\t\t\n\t\t<img class=\"e-image-base e-e5f4107-567da1a\" \n\t\t\t\t\tdata-interaction-id=\"e5f4107\" \n\t\t \n\t\t \n\t\t\t\t\t\t\t\t\tid=\"1515\"\n\t\t\t\t\t\t\t\t\t\t\t\tsrc=\"https:\/\/www.betare-oya.com\/wp-content\/uploads\/2026\/04\/image-36-1.png\"\n\t\t\t\t\t\t\t\t\t\t\t\twidth=\"976\"\n\t\t\t\t\t\t\t\t\t\t\t\theight=\"732\"\n\t\t\t\t\t\t\t\t\t\t\t\tsrcset=\"https:\/\/www.betare-oya.com\/wp-content\/uploads\/2026\/04\/image-36-1.png 976w, https:\/\/www.betare-oya.com\/wp-content\/uploads\/2026\/04\/image-36-1-300x225.png 300w, https:\/\/www.betare-oya.com\/wp-content\/uploads\/2026\/04\/image-36-1-768x576.png 768w\"\n\t\t\t\t\t\t\t\t\t\t\t\talt=\"\"\n\t\t\t\t\t\t\/>\n\t\t\t\t\t<\/div>\n\t\t<div class=\"elementor-element elementor-element-cc586d4 e-con-full e-flex wpr-particle-no wpr-jarallax-no wpr-parallax-no wpr-sticky-section-no wpr-equal-height-no e-con e-child\" data-id=\"cc586d4\" data-element_type=\"container\" data-e-type=\"container\">\n\t\t\t\t<div class=\"elementor-element elementor-element-20bd727 elementor-widget elementor-widget-text-editor\" data-id=\"20bd727\" data-element_type=\"widget\" data-e-type=\"widget\" data-widget_type=\"text-editor.default\">\n\t\t\t\t\t\t\t\t\t<p>Et pourtant, cette commune compte au total :<\/p><ul class=\"wp-block-list\"><li>7 \u00e9coles maternelles avec 6 salles de classes ;<\/li><li>34 \u00e9coles primaires ;<\/li><li>1 lyc\u00e9e d\u2019enseignement secondaire technique ;<\/li><li>2 lyc\u00e9es d\u2019enseignement g\u00e9n\u00e9ral<\/li><li>2 CES<\/li><\/ul>\t\t\t\t\t\t\t\t<\/div>\n\t\t\t\t<\/div>\n\t\t<div class=\"elementor-element elementor-element-9a637df e-con-full e-flex wpr-particle-no wpr-jarallax-no wpr-parallax-no wpr-sticky-section-no wpr-equal-height-no e-con e-parent\" data-id=\"9a637df\" data-element_type=\"container\" data-e-type=\"container\">\n\t\t<div class=\"elementor-element elementor-element-d5ea9df e-con-full e-flex wpr-particle-no wpr-jarallax-no wpr-parallax-no wpr-sticky-section-no wpr-equal-height-no e-con e-child\" data-id=\"d5ea9df\" data-element_type=\"container\" data-e-type=\"container\">\n\t\t\t\t<div class=\"elementor-element elementor-element-39c2086 elementor-view-default elementor-widget elementor-widget-icon\" data-id=\"39c2086\" data-element_type=\"widget\" data-e-type=\"widget\" data-widget_type=\"icon.default\">\n\t\t\t\t\t\t\t<div class=\"elementor-icon-wrapper\">\n\t\t\t<div class=\"elementor-icon\">\n\t\t\t<svg aria-hidden=\"true\" class=\"e-font-icon-svg e-fas-quote-left\" viewBox=\"0 0 512 512\" xmlns=\"http:\/\/www.w3.org\/2000\/svg\"><path d=\"M464 256h-80v-64c0-35.3 28.7-64 64-64h8c13.3 0 24-10.7 24-24V56c0-13.3-10.7-24-24-24h-8c-88.4 0-160 71.6-160 160v240c0 26.5 21.5 48 48 48h128c26.5 0 48-21.5 48-48V304c0-26.5-21.5-48-48-48zm-288 0H96v-64c0-35.3 28.7-64 64-64h8c13.3 0 24-10.7 24-24V56c0-13.3-10.7-24-24-24h-8C71.6 32 0 103.6 0 192v240c0 26.5 21.5 48 48 48h128c26.5 0 48-21.5 48-48V304c0-26.5-21.5-48-48-48z\"><\/path><\/svg>\t\t\t<\/div>\n\t\t<\/div>\n\t\t\t\t\t\t<\/div>\n\t\t\t\t<\/div>\n\t\t<div class=\"elementor-element elementor-element-6a8d25c e-con-full e-flex wpr-particle-no wpr-jarallax-no wpr-parallax-no wpr-sticky-section-no wpr-equal-height-no e-con e-child\" data-id=\"6a8d25c\" data-element_type=\"container\" data-e-type=\"container\">\n\t\t\t\t<div class=\"elementor-element elementor-element-ef3c933 elementor-widget elementor-widget-heading\" data-id=\"ef3c933\" data-element_type=\"widget\" data-e-type=\"widget\" data-widget_type=\"heading.default\">\n\t\t\t\t\t<h2 class=\"elementor-heading-title elementor-size-default\">\n\n    Un \u00e9chantillon de 1000 \u00e9l\u00e8ves a \u00e9t\u00e9 s\u00e9lectionn\u00e9 dans 3 \u00e9tablissements pour la deuxi\u00e8me \u00e9dition de l\u2019op\u00e9ration \u00ab z\u00e9ro enfant dans la mine \u00bb. Ce n\u2019est qu\u2019une phase de d\u00e9marrage qui va s\u2019\u00e9tendre au fil des ann\u00e9es.\n\n    L\u2019aventure ne fait que commencer. Ensemble disons non au travail des enfants dans la mine\u2026\n<\/h2>\t\t\t\t<\/div>\n\t\t\t\t<\/div>\n\t\t\t\t<\/div>\n\t\t\t\t<div class=\"elementor-element elementor-element-f583789 e-con e-atomic-element e-flexbox-base e-f583789-4b71e12\" data-id=\"f583789\" data-element_type=\"e-flexbox\" data-e-type=\"e-flexbox\" data-interaction-id=\"f583789\">\n\t\t\t\t\t\t\t\n\t\t<img class=\"e-image-base e-c5ecb32-621c367\" \n\t\t\t\t\tdata-interaction-id=\"c5ecb32\" \n\t\t \n\t\t \n\t\t\t\t\t\t\t\t\tid=\"1516\"\n\t\t\t\t\t\t\t\t\t\t\t\tsrc=\"https:\/\/www.betare-oya.com\/wp-content\/uploads\/2026\/04\/image-37.png\"\n\t\t\t\t\t\t\t\t\t\t\t\twidth=\"976\"\n\t\t\t\t\t\t\t\t\t\t\t\theight=\"732\"\n\t\t\t\t\t\t\t\t\t\t\t\tsrcset=\"https:\/\/www.betare-oya.com\/wp-content\/uploads\/2026\/04\/image-37.png 976w, https:\/\/www.betare-oya.com\/wp-content\/uploads\/2026\/04\/image-37-300x225.png 300w, https:\/\/www.betare-oya.com\/wp-content\/uploads\/2026\/04\/image-37-768x576.png 768w\"\n\t\t\t\t\t\t\t\t\t\t\t\talt=\"\"\n\t\t\t\t\t\t\/>\n\t\t\t\t\t<\/div>\n\t\t\t\t<\/div>\n\t\t","protected":false},"excerpt":{"rendered":"<p>Cet arrondissement situ\u00e9 dans le d\u00e9partement du Lom et Djerem, r\u00e9gion de l\u2019Est compte parmi les sous-sols les plus riches du triangle national. La caravane conduite par la SONAMINES y d\u00e9pose ses valises du 26 au 30 septembre prochain. Cr\u00e9\u00e9e en 1955, B\u00e9tar\u00e9-Oya, est une ville cosmopolite de plus de 60 000 habitants sur une superficie de 12.600 km\u00b2. Les peuples Gbaya, Centrafricains, peuhls, et autres expatri\u00e9s chinois exer\u00e7ant dans le domaine minier y vivent dans un climat temp\u00e9r\u00e9 et emprunt de convivialit\u00e9. La langue parl\u00e9e ici est le gbaya mbodomo (ou mbodomo), une langue adamawa-oubanguienne du groupe ethnique Gbaya. B\u00e9tar\u00e9 Oya compte pr\u00e8s de 42 localit\u00e9s \u00e0 l\u2019instar de Mali, Bangbel, Tibanga, Monay, mbodomo, et Doyo. Dans la plupart de ces localit\u00e9s, les populations riveraines s\u2019adonnent \u00e0 l\u2019orpaillage comme moyen de subsistance, y compris les enfants. Des centaines d\u2019entre eux en \u00e2ge scolaire d\u00e9sertent l\u2019\u00e9cole pour les chantiers d\u2019or de la contr\u00e9e. Ce ph\u00e9nom\u00e8ne, pourtant r\u00e9prim\u00e9 par les lois et autorit\u00e9s locales, impacte le taux de scolarisation dans ces localit\u00e9s, entrainant de forts taux de d\u00e9perdition scolaire. Et pourtant, cette commune compte au total : 7 \u00e9coles maternelles avec 6 salles de classes ; 34 \u00e9coles primaires ; 1 lyc\u00e9e d\u2019enseignement secondaire technique ; 2 lyc\u00e9es d\u2019enseignement g\u00e9n\u00e9ral 2 CES Un \u00e9chantillon de 1000 \u00e9l\u00e8ves a \u00e9t\u00e9 s\u00e9lectionn\u00e9 dans 3 \u00e9tablissements pour la deuxi\u00e8me \u00e9dition de l\u2019op\u00e9ration \u00ab z\u00e9ro enfant dans la mine \u00bb. Ce n\u2019est qu\u2019une phase de d\u00e9marrage qui va s\u2019\u00e9tendre au fil des ann\u00e9es. L\u2019aventure ne fait que commencer. Ensemble disons non au travail des enfants dans la mine\u2026<\/p>\n","protected":false},"author":1,"featured_media":1516,"comment_status":"open","ping_status":"open","sticky":false,"template":"","format":"standard","meta":{"footnotes":""},"categories":[29],"tags":[],"class_list":["post-1506","post","type-post","status-publish","format-standard","has-post-thumbnail","hentry","category-nos-projets"],"_links":{"self":[{"href":"https:\/\/www.betare-oya.com\/index.php\/wp-json\/wp\/v2\/posts\/1506","targetHints":{"allow":["GET"]}}],"collection":[{"href":"https:\/\/www.betare-oya.com\/index.php\/wp-json\/wp\/v2\/posts"}],"about":[{"href":"https:\/\/www.betare-oya.com\/index.php\/wp-json\/wp\/v2\/types\/post"}],"author":[{"embeddable":true,"href":"https:\/\/www.betare-oya.com\/index.php\/wp-json\/wp\/v2\/users\/1"}],"replies":[{"embeddable":true,"href":"https:\/\/www.betare-oya.com\/index.php\/wp-json\/wp\/v2\/comments?post=1506"}],"version-history":[{"count":6,"href":"https:\/\/www.betare-oya.com\/index.php\/wp-json\/wp\/v2\/posts\/1506\/revisions"}],"predecessor-version":[{"id":1519,"href":"https:\/\/www.betare-oya.com\/index.php\/wp-json\/wp\/v2\/posts\/1506\/revisions\/1519"}],"wp:featuredmedia":[{"embeddable":true,"href":"https:\/\/www.betare-oya.com\/index.php\/wp-json\/wp\/v2\/media\/1516"}],"wp:attachment":[{"href":"https:\/\/www.betare-oya.com\/index.php\/wp-json\/wp\/v2\/media?parent=1506"}],"wp:term":[{"taxonomy":"category","embeddable":true,"href":"https:\/\/www.betare-oya.com\/index.php\/wp-json\/wp\/v2\/categories?post=1506"},{"taxonomy":"post_tag","embeddable":true,"href":"https:\/\/www.betare-oya.com\/index.php\/wp-json\/wp\/v2\/tags?post=1506"}],"curies":[{"name":"wp","href":"https:\/\/api.w.org\/{rel}","templated":true}]}}