{"id":1485,"date":"2026-04-17T19:18:49","date_gmt":"2026-04-17T17:18:49","guid":{"rendered":"http:\/\/www.betare-oya.com\/?p=1485"},"modified":"2026-04-17T19:21:30","modified_gmt":"2026-04-17T17:21:30","slug":"secretariat-particulier-du-maire","status":"publish","type":"post","link":"https:\/\/www.betare-oya.com\/index.php\/2026\/04\/17\/secretariat-particulier-du-maire\/","title":{"rendered":"Secr\u00e9tariat Particulier du Maire"},"content":{"rendered":"\t\t<div data-elementor-type=\"wp-post\" data-elementor-id=\"1485\" class=\"elementor elementor-1485\">\n\t\t\t\t<div class=\"elementor-element elementor-element-e6b7598 e-flex e-con-boxed wpr-particle-no wpr-jarallax-no wpr-parallax-no wpr-sticky-section-no wpr-equal-height-no e-con e-parent\" data-id=\"e6b7598\" data-element_type=\"container\" data-e-type=\"container\">\n\t\t\t\t\t<div class=\"e-con-inner\">\n\t\t\t\t<div class=\"elementor-element elementor-element-21cbcbc elementor-widget elementor-widget-heading\" data-id=\"21cbcbc\" data-element_type=\"widget\" data-e-type=\"widget\" data-widget_type=\"heading.default\">\n\t\t\t\t\t<h2 class=\"elementor-heading-title elementor-size-default\">\nSecr\u00e9tariat Particulier du Maire\n<\/h2>\t\t\t\t<\/div>\n\t\t\t\t\t<\/div>\n\t\t\t\t<\/div>\n\t\t<div class=\"elementor-element elementor-element-eee8aa8 e-flex e-con-boxed wpr-particle-no wpr-jarallax-no wpr-parallax-no wpr-sticky-section-no wpr-equal-height-no e-con e-parent\" data-id=\"eee8aa8\" data-element_type=\"container\" data-e-type=\"container\">\n\t\t\t\t\t<div class=\"e-con-inner\">\n\t\t\t\t<div class=\"elementor-element elementor-element-d4f44c5 elementor-widget elementor-widget-text-editor\" data-id=\"d4f44c5\" data-element_type=\"widget\" data-e-type=\"widget\" data-widget_type=\"text-editor.default\">\n\t\t\t\t\t\t\t\t\t<div class=\"elementor-element elementor-element-4e4eadb e-flex e-con-boxed e-con e-parent e-lazyloaded\" data-id=\"4e4eadb\" data-element_type=\"container\"><div class=\"e-con-inner\"><div class=\"elementor-element elementor-element-a9faf40 elementor-widget elementor-widget-text-editor\" data-id=\"a9faf40\" data-element_type=\"widget\" data-widget_type=\"text-editor.default\"><div class=\"elementor-widget-container\"><ul><li><ul><li><strong>R\u00f4le :<\/strong><\/li><\/ul><p>Polyvalent, il exerce une fonction\u00a0:<\/p><ul><li><strong>d\u2019appui administratif, technique et juridique<\/strong>et <strong>de conseil<\/strong> aupr\u00e8s du Maire dans l\u2019exercice de ses responsabilit\u00e9s et de ses prises de d\u00e9cisions\u00a0;<\/li><li><strong>d\u2019accompagnement<\/strong> dans les missions quotidiennes de repr\u00e9sentation de l\u2019ex\u00e9cutif ainsi qu\u2019aupr\u00e8s de l\u2019ensemble des \u00e9lus\u00a0;<\/li><li><strong>d\u2019interface ou d\u2019interm\u00e9diaire <\/strong>entre l\u2019ex\u00e9cutif et les \u00e9lus, entre l\u2019ex\u00e9cutif et les services, les partenaires institutionnels et priv\u00e9s, mais \u00e9galement entre les \u00e9lus et les administr\u00e9s.<\/li><\/ul><p>\u00a0<\/p><ul><li><strong>Description :<\/strong><\/li><\/ul><p>\u00c0 ce titre, le secr\u00e9tariat particulier du Maire a pour missions principales les suivantes :<\/p><ul><li>G\u00e9rer les agendas de Maire ;<\/li><li>Organiser les r\u00e9unions et rendez-vous et assurer le lien avec les organisateurs pour faciliter les interventions du Maire.<\/li><li>G\u00e9rer, de mani\u00e8re confidentielle, le courrier du maire et de certains \u00e9lus\u00a0;<\/li><li>Assurer une gestion active et anticip\u00e9e de l\u2019agenda, en particulier, accompagner l\u2019organisation des rendez-vous, r\u00e9unions et g\u00e9rer la logistique qui en d\u00e9coule et approfondir les demandes de rendez-vous, r\u00e9unions, afin d\u2019en d\u00e9finir la pertinence, l\u2019opportunit\u00e9 et en \u00e9tablir la priorisation\u00a0;<\/li><li>Assurer des missions administratives et transversales, notamment, s\u2019assurer de la compl\u00e9tude des dossiers pour chaque rendez-vous, r\u00e9union, etc.\u00a0;<\/li><li>Assurer, avec le Protocole, la gestion de l\u2019attribution des places protocolaires lors des \u00e9v\u00e9nements et c\u00e9r\u00e9monies\u00a0;<\/li><li>Assurer un appui administratif aux \u00e9lus en cas de besoin et effectuer ponctuellement des missions de conduite du maire, \u00e9lus, d\u00e9l\u00e9gations.<\/li><\/ul><\/li><\/ul><\/div><\/div><\/div><\/div>\t\t\t\t\t\t\t\t<\/div>\n\t\t\t\t\t<\/div>\n\t\t\t\t<\/div>\n\t\t<div class=\"elementor-element elementor-element-0522fc8 e-flex e-con-boxed wpr-particle-no wpr-jarallax-no wpr-parallax-no wpr-sticky-section-no wpr-equal-height-no e-con e-parent\" data-id=\"0522fc8\" data-element_type=\"container\" data-e-type=\"container\">\n\t\t\t\t\t<div class=\"e-con-inner\">\n\t\t\t\t<div class=\"elementor-element elementor-element-d7e32a9 wpr-data-table-type-custom wpr-table-align-items-left elementor-widget elementor-widget-wpr-data-table\" data-id=\"d7e32a9\" data-element_type=\"widget\" data-e-type=\"widget\" data-widget_type=\"wpr-data-table.default\">\n\t\t\t\t\t\n\t\t\t\t\n\t\t<div class=\"wpr-table-container\">\n\t\t<div class=\"wpr-table-inner-container \" data-table-sorting=\"no\" data-custom-pagination=\"no\" data-row-pagination=\"\" data-entry-info=\"no\" data-rows-per-page=\"\">\n\n\t\t\n\t\t\t<table class=\"wpr-data-table\" id=\"wpr-data-table\">\n\t\t\t\t\t\t\t\t\n\t\t\t\t<thead>\n\t\t\t\t\t<tr class=\"wpr-table-head-row wpr-table-row\">\n\t\t\t\t\t\n\t\t\t\t\t\t<th class=\"wpr-table-th elementor-repeater-item-124a145\" colspan=\"1\">\n\t\t\t\t\t\t\t<div class=\"\">\n\t\t\t\t\t\t\t\t\t\t\t\t\t\t\t\t\n\t\t\t\t\t\t\t\t\t\t\t\t\t\t\t\t\t<span class=\"wpr-table-text\">Horaires<\/span>\n\t\t\t\t\t\t\t\t\t\t\t\t\t\t\t\t\t\t\t\t\t\t\t\t\t\t\t\t\t\t\t\t\t\t\t\t\t\t\t\t\t\t\t\t\t\t\t<\/div>\n\t\t\t\t\t\t<\/th>\n\t\t\t\t\t\t\n\t\t\t\t\t\t<th class=\"wpr-table-th elementor-repeater-item-a567846\" colspan=\"1\">\n\t\t\t\t\t\t\t<div class=\"\">\n\t\t\t\t\t\t\t\t\t\t\t\t\t\t\t\t\n\t\t\t\t\t\t\t\t\t\t\t\t\t\t\t\t\t<span class=\"wpr-table-text\">Contact Responsable<\/span>\n\t\t\t\t\t\t\t\t\t\t\t\t\t\t\t\t\t\t\t\t\t\t\t\t\t\t\t\t\t\t\t\t\t\t\t\t\t\t\t\t\t\t\t\t\t\t\t<\/div>\n\t\t\t\t\t\t<\/th>\n\t\t\t\t\t\t\n\t\t\t\t\t\t<th class=\"wpr-table-th elementor-repeater-item-aa08a73\" colspan=\"1\">\n\t\t\t\t\t\t\t<div class=\"\">\n\t\t\t\t\t\t\t\t\t\t\t\t\t\t\t\t\n\t\t\t\t\t\t\t\t\t\t\t\t\t\t\t\t\t<span class=\"wpr-table-text\">Photo Responsable<\/span>\n\t\t\t\t\t\t\t\t\t\t\t\t\t\t\t\t\t\t\t\t\t\t\t\t\t\t\t\t\t\t\t\t\t\t\t\t\t\t\t\t\t\t\t\t\t\t\t<\/div>\n\t\t\t\t\t\t<\/th>\n\t\t\t\t\t\t\t\t\t\t\t<\/tr>\n\t\t\t\t<\/thead>\n\n\t\t\t\t<tbody>\n\t\t\t\t\t\t\t\t\t<tr class=\"wpr-table-body-row wpr-table-row elementor-repeater-item-f370ce1 wpr-odd\">\n\t\t\t\t\t\t\t\t\t\t\t\t\t\n\t\t\t\t\t\t\t<td colspan=\"\" rowspan=\"\" class=\"elementor-repeater-item-7285e24 wpr-table-td\">\n\n\t\t\t\t\t\t\t\t<div class=\"wpr-td-content-wrapper \">\n\n\t\t\t\t\t\t\t\t\t\t\t\t\t\t\t\t\t\t\t\t\t\t\t\t\t\t\t\t\t<a href=\"https:\/\/royal-elementor-addons.com\/\" target=\"_blank\">\n\t\t\t\t\t\t\t\t\t \n\t\t\t\t\t\t\t\t\t\t\t<span class=\"wpr-table-text\">\n\t\t\t\t\t\t\t\t\t\t\t\tLundi : 07h30 - 15h30  <\/br><\/br>\n\nMardi : 07h30 - 15h30 <\/br><\/br>\n\nMercredi : 07h30 - 15h30  <\/br><\/br>\n\nJeudi : 07h30 - 15h30  <\/br><\/br>\n\nVendredi : 07h30 - 15h30\t\t\t\t\t\t\t\t\t\t\t<\/span>\n\t\t\t\t\t\t\t\t\t\t\t\t\t\t\t\t\t\t\t\t<\/a>\n\t\t\t\t\t\t\t\t\t\t\t\t\t\t\t\t\t\t\t\t\t\t\t\t\t\t\t\t\n\t\t\t\t\t\t\t\t<\/div>\n\n\t\t\t\t\t\t\t<\/td>\n\t\t\t\t\t\t\t\t\t\t\t\t\t\t\t\n\t\t\t\t\t\t\t<td colspan=\"\" rowspan=\"\" class=\"elementor-repeater-item-6920ad6 wpr-table-td\">\n\n\t\t\t\t\t\t\t\t<div class=\"wpr-td-content-wrapper \">\n\n\t\t\t\t\t\t\t\t\t\t\t\t\t\t\t\t\t\t\t\t\t\t\t\t\t\t\t\t\t<a href=\"https:\/\/royal-elementor-addons.com\/\" target=\"_blank\">\n\t\t\t\t\t\t\t\t\t \n\t\t\t\t\t\t\t\t\t\t\t<span class=\"wpr-table-text\">\n\t\t\t\t\t\t\t\t\t\t\t\tNom : Nom du responsable <\/br><\/br>\n\nT\u00e9l\u00e9phone : +237 690000000 <\/br><\/br>\n\nEmail : exemple@gmail.com\t\t\t\t\t\t\t\t\t\t\t<\/span>\n\t\t\t\t\t\t\t\t\t\t\t\t\t\t\t\t\t\t\t\t<\/a>\n\t\t\t\t\t\t\t\t\t\t\t\t\t\t\t\t\t\t\t\t\t\t\t\t\t\t\t\t\n\t\t\t\t\t\t\t\t<\/div>\n\n\t\t\t\t\t\t\t<\/td>\n\t\t\t\t\t\t\t\t\t\t\t\t\t\t\t\n\t\t\t\t\t\t\t<td colspan=\"\" rowspan=\"\" class=\"elementor-repeater-item-096a248 wpr-table-td\">\n\n\t\t\t\t\t\t\t\t<div class=\"wpr-td-content-wrapper \">\n\n\t\t\t\t\t\t\t\t\t\t\t\t\t\t\t\t\t\t\t\t\t\t\t\t\t\t\t\n\t\t\t\t\t\t\t\t<\/div>\n\n\t\t\t\t\t\t\t<\/td>\n\t\t\t\t\t\t\t\t\t\t\t\t<\/tr>\n\t\t\t        \t\t\t\t<\/tbody>\n\t\t\t<\/table>\n\t\t<\/div>\n\t\t<\/div>\n    \t\t\t\t\t<\/div>\n\t\t\t\t\t<\/div>\n\t\t\t\t<\/div>\n\t\t\t\t<\/div>\n\t\t","protected":false},"excerpt":{"rendered":"<p>Secr\u00e9tariat Particulier du Maire R\u00f4le : Polyvalent, il exerce une fonction\u00a0: d\u2019appui administratif, technique et juridiqueet de conseil aupr\u00e8s du Maire dans l\u2019exercice de ses responsabilit\u00e9s et de ses prises de d\u00e9cisions\u00a0; d\u2019accompagnement dans les missions quotidiennes de repr\u00e9sentation de l\u2019ex\u00e9cutif ainsi qu\u2019aupr\u00e8s de l\u2019ensemble des \u00e9lus\u00a0; d\u2019interface ou d\u2019interm\u00e9diaire entre l\u2019ex\u00e9cutif et les \u00e9lus, entre l\u2019ex\u00e9cutif et les services, les partenaires institutionnels et priv\u00e9s, mais \u00e9galement entre les \u00e9lus et les administr\u00e9s. \u00a0 Description : \u00c0 ce titre, le secr\u00e9tariat particulier du Maire a pour missions principales les suivantes : G\u00e9rer les agendas de Maire ; Organiser les r\u00e9unions et rendez-vous et assurer le lien avec les organisateurs pour faciliter les interventions du Maire. G\u00e9rer, de mani\u00e8re confidentielle, le courrier du maire et de certains \u00e9lus\u00a0; Assurer une gestion active et anticip\u00e9e de l\u2019agenda, en particulier, accompagner l\u2019organisation des rendez-vous, r\u00e9unions et g\u00e9rer la logistique qui en d\u00e9coule et approfondir les demandes de rendez-vous, r\u00e9unions, afin d\u2019en d\u00e9finir la pertinence, l\u2019opportunit\u00e9 et en \u00e9tablir la priorisation\u00a0; Assurer des missions administratives et transversales, notamment, s\u2019assurer de la compl\u00e9tude des dossiers pour chaque rendez-vous, r\u00e9union, etc.\u00a0; Assurer, avec le Protocole, la gestion de l\u2019attribution des places protocolaires lors des \u00e9v\u00e9nements et c\u00e9r\u00e9monies\u00a0; Assurer un appui administratif aux \u00e9lus en cas de besoin et effectuer ponctuellement des missions de conduite du maire, \u00e9lus, d\u00e9l\u00e9gations. Horaires Contact Responsable Photo Responsable Lundi : 07h30 &#8211; 15h30 Mardi : 07h30 &#8211; 15h30 Mercredi : 07h30 &#8211; 15h30 Jeudi : 07h30 &#8211; 15h30 Vendredi : 07h30 &#8211; 15h30 Nom : Nom du responsable T\u00e9l\u00e9phone : +237 690000000 Email : exemple@gmail.com<\/p>\n","protected":false},"author":1,"featured_media":0,"comment_status":"open","ping_status":"open","sticky":false,"template":"","format":"standard","meta":{"footnotes":""},"categories":[1],"tags":[],"class_list":["post-1485","post","type-post","status-publish","format-standard","hentry","category-non-classe"],"_links":{"self":[{"href":"https:\/\/www.betare-oya.com\/index.php\/wp-json\/wp\/v2\/posts\/1485","targetHints":{"allow":["GET"]}}],"collection":[{"href":"https:\/\/www.betare-oya.com\/index.php\/wp-json\/wp\/v2\/posts"}],"about":[{"href":"https:\/\/www.betare-oya.com\/index.php\/wp-json\/wp\/v2\/types\/post"}],"author":[{"embeddable":true,"href":"https:\/\/www.betare-oya.com\/index.php\/wp-json\/wp\/v2\/users\/1"}],"replies":[{"embeddable":true,"href":"https:\/\/www.betare-oya.com\/index.php\/wp-json\/wp\/v2\/comments?post=1485"}],"version-history":[{"count":3,"href":"https:\/\/www.betare-oya.com\/index.php\/wp-json\/wp\/v2\/posts\/1485\/revisions"}],"predecessor-version":[{"id":1488,"href":"https:\/\/www.betare-oya.com\/index.php\/wp-json\/wp\/v2\/posts\/1485\/revisions\/1488"}],"wp:attachment":[{"href":"https:\/\/www.betare-oya.com\/index.php\/wp-json\/wp\/v2\/media?parent=1485"}],"wp:term":[{"taxonomy":"category","embeddable":true,"href":"https:\/\/www.betare-oya.com\/index.php\/wp-json\/wp\/v2\/categories?post=1485"},{"taxonomy":"post_tag","embeddable":true,"href":"https:\/\/www.betare-oya.com\/index.php\/wp-json\/wp\/v2\/tags?post=1485"}],"curies":[{"name":"wp","href":"https:\/\/api.w.org\/{rel}","templated":true}]}}