{"id":1240,"date":"2026-04-16T13:28:56","date_gmt":"2026-04-16T11:28:56","guid":{"rendered":"http:\/\/www.betare-oya.com\/?p=1240"},"modified":"2026-04-16T13:44:33","modified_gmt":"2026-04-16T11:44:33","slug":"service-des-affaires-sociales","status":"publish","type":"post","link":"https:\/\/www.betare-oya.com\/index.php\/2026\/04\/16\/service-des-affaires-sociales\/","title":{"rendered":"Service des Affaires Sociales"},"content":{"rendered":"\t\t<div data-elementor-type=\"wp-post\" data-elementor-id=\"1240\" class=\"elementor elementor-1240\">\n\t\t\t\t<div class=\"elementor-element elementor-element-7280f6a e-flex e-con-boxed wpr-particle-no wpr-jarallax-no wpr-parallax-no wpr-sticky-section-no wpr-equal-height-no e-con e-parent\" data-id=\"7280f6a\" data-element_type=\"container\" data-e-type=\"container\">\n\t\t\t\t\t<div class=\"e-con-inner\">\n\t\t\t\t<div class=\"elementor-element elementor-element-4515aa2 elementor-widget elementor-widget-heading\" data-id=\"4515aa2\" data-element_type=\"widget\" data-e-type=\"widget\" data-widget_type=\"heading.default\">\n\t\t\t\t\t<h2 class=\"elementor-heading-title elementor-size-default\">Service des Affaires Sociales<\/h2>\t\t\t\t<\/div>\n\t\t\t\t\t<\/div>\n\t\t\t\t<\/div>\n\t\t<div class=\"elementor-element elementor-element-cbdc9d2 e-flex e-con-boxed wpr-particle-no wpr-jarallax-no wpr-parallax-no wpr-sticky-section-no wpr-equal-height-no e-con e-parent\" data-id=\"cbdc9d2\" data-element_type=\"container\" data-e-type=\"container\">\n\t\t\t\t\t<div class=\"e-con-inner\">\n\t\t\t\t<div class=\"elementor-element elementor-element-63025ee elementor-widget elementor-widget-text-editor\" data-id=\"63025ee\" data-element_type=\"widget\" data-e-type=\"widget\" data-widget_type=\"text-editor.default\">\n\t\t\t\t\t\t\t\t\tLa\u00a0 commune a une comp\u00e9tence globale dans le champ de l\u2019action sociale et m\u00e9dico-sociale. A ce titre, elle a pour mission d\u2019accompagner et de soutenir au quotidien les plus vuln\u00e9rables afin de lutter contre toutes les formes d\u2019exclusion, de r\u00e9duire les in\u00e9galit\u00e9s et de faciliter l\u2019acc\u00e8s aux droits.<\/br><\/br>\n<ol>\n \t<li><strong><u>L\u2019action sociale de la commune\u00a0: qu\u2019est-ce que c\u2019est\u00a0?<\/u><\/strong><\/li><\/br>\n<\/ol>\nSon action sociale<u>\u00a0<\/u>concerne essentiellement l\u2019attribution des aides et secours aux indigents et aux n\u00e9cessiteux \u00e0 travers\u00a0:<\/br><\/br>\n<ul>\n \t<li>Une assistance publique imm\u00e9diate et ponctuelle\u00a0: aide m\u00e9dicale, scolaire, alimentaire et en produits de premi\u00e8re n\u00e9cessit\u00e9\u00a0; assistance juridique, aide au regroupement familial.<\/li>\n \t<li>Une assistance publique soutenue\u00a0: aide en appareillage et \u00e9quipements adapt\u00e9s, aide socio\u00e9conomique.<\/li><\/br>\n<\/ul>\nIl s\u2019agit\u00a0:<\/br><\/br>\n<ul>\n \t<li>Des personnes handicap\u00e9es physiques, mentales, visuelles, phoniques et auditives\u00a0;<\/li>\n \t<li>Des polyhandicap\u00e9s\u00a0;<\/li>\n \t<li>Des enfants mineurs n\u00e9s de parents handicap\u00e9s, indigents ou n\u00e9cessiteux\u00a0;<\/li>\n \t<li>Des personnes ne pouvant, en raison de leur \u00e9tat, participer \u00e0 l\u2019effort de productif g\u00e9n\u00e9rateur de revenus\u00a0;<\/li>\n \t<li>Des personnes rendues temporairement invalides en raison des circonstances impr\u00e9visibles.<\/li>\n<\/ul><\/br>\n<ol start=\"2\">\n \t<li><strong><u>Quels sont les \u00e9l\u00e9ments constitutifs du Dossier :<\/u><\/strong><\/li>\n<\/ol><\/br>\n<ul>\n \t<li>Une demande non timbr\u00e9e sur papier simple adress\u00e9e au Maire\u00a0via le centre social ou le service d\u2019action sociale de la commune du ressort ;<\/li>\n \t<li>Des justificatifs de la demande, notamment et, selon le cas, l\u2019ordonnance m\u00e9dicale d\u00e9livr\u00e9e par un m\u00e9decin asserment\u00e9, une ou des factures pro forma, le certificat m\u00e9dical, une ou des photos, ou tout autre document pertinent\u00a0;<\/li>\n \t<li>Une photocopie de la carte nationale d\u2019invalidit\u00e9 ou un certificat m\u00e9dical attestant de l\u2019invalidit\u00e9 et indiquant le taux d\u2019invalidit\u00e9 du requ\u00e9rant, pour les personnes handicap\u00e9es\u00a0;<\/li>\n \t<li>Une photocopie de la CNI\u00a0; un certificat de domicile d\u00e9livr\u00e9e par l\u2019autorit\u00e9 comp\u00e9tente et attestant que le requ\u00e9rant r\u00e9side dans la commune du ressort.<\/li><\/br>\n<\/ul>\n<ol start=\"3\">\n \t<li><strong><u>Quelles sont les \u00e9tapes de traitement du dossier\u00a0?<\/u><\/strong><\/li>\n<\/ol><\/br>\n<ul>\n \t<li>R\u00e9alisation d\u2019une enqu\u00eate sociale par un travailleur social du centre social de la commune du ressort\u00a0;<\/li>\n \t<li>R\u00e9daction du rapport d\u2019enqu\u00eate avec avis motiv\u00e9 et transmission dudit rapport au Maire comp\u00e9tent\u00a0;<\/li>\n \t<li>Etablissement d\u2019un certificat d\u2019indigence qui peut ouvrir droit \u00e0 l\u2019aide ou au secours\u00a0;<\/li>\n \t<li>S\u00e9lection des b\u00e9n\u00e9ficiaires des aides et secours par le Comit\u00e9 Communal d\u2019attribution des aides et secours\u00a0;<\/li>\n \t<li>Mise \u00e0 disposition des aides et secours en fonction de leur nature.<\/li>\n<\/ul><\/br>\nLe circuit et les d\u00e9lais de traitement des dossiers de demande d\u2019aide et de secours font l\u2019objet d\u2019une note de service.\n\n\t\t\t\t\t\t\t\t<\/div>\n\t\t\t\t\t<\/div>\n\t\t\t\t<\/div>\n\t\t<div class=\"elementor-element elementor-element-51507ce e-flex e-con-boxed wpr-particle-no wpr-jarallax-no wpr-parallax-no wpr-sticky-section-no wpr-equal-height-no e-con e-parent\" data-id=\"51507ce\" data-element_type=\"container\" data-e-type=\"container\">\n\t\t\t\t\t<div class=\"e-con-inner\">\n\t\t\t\t<div class=\"elementor-element elementor-element-8dee3e0 wpr-data-table-type-custom wpr-table-align-items-left elementor-widget elementor-widget-wpr-data-table\" data-id=\"8dee3e0\" data-element_type=\"widget\" data-e-type=\"widget\" data-widget_type=\"wpr-data-table.default\">\n\t\t\t\t\t\n\t\t\t\t\n\t\t<div class=\"wpr-table-container\">\n\t\t<div class=\"wpr-table-inner-container \" data-table-sorting=\"no\" data-custom-pagination=\"no\" data-row-pagination=\"\" data-entry-info=\"no\" data-rows-per-page=\"\">\n\n\t\t\n\t\t\t<table class=\"wpr-data-table\" id=\"wpr-data-table\">\n\t\t\t\t\t\t\t\t\n\t\t\t\t<thead>\n\t\t\t\t\t<tr class=\"wpr-table-head-row wpr-table-row\">\n\t\t\t\t\t\n\t\t\t\t\t\t<th class=\"wpr-table-th elementor-repeater-item-124a145\" colspan=\"1\">\n\t\t\t\t\t\t\t<div class=\"\">\n\t\t\t\t\t\t\t\t\t\t\t\t\t\t\t\t\n\t\t\t\t\t\t\t\t\t\t\t\t\t\t\t\t\t<span class=\"wpr-table-text\">Horaires<\/span>\n\t\t\t\t\t\t\t\t\t\t\t\t\t\t\t\t\t\t\t\t\t\t\t\t\t\t\t\t\t\t\t\t\t\t\t\t\t\t\t\t\t\t\t\t\t\t\t<\/div>\n\t\t\t\t\t\t<\/th>\n\t\t\t\t\t\t\n\t\t\t\t\t\t<th class=\"wpr-table-th elementor-repeater-item-a567846\" colspan=\"1\">\n\t\t\t\t\t\t\t<div class=\"\">\n\t\t\t\t\t\t\t\t\t\t\t\t\t\t\t\t\n\t\t\t\t\t\t\t\t\t\t\t\t\t\t\t\t\t<span class=\"wpr-table-text\">Contact Responsable<\/span>\n\t\t\t\t\t\t\t\t\t\t\t\t\t\t\t\t\t\t\t\t\t\t\t\t\t\t\t\t\t\t\t\t\t\t\t\t\t\t\t\t\t\t\t\t\t\t\t<\/div>\n\t\t\t\t\t\t<\/th>\n\t\t\t\t\t\t\n\t\t\t\t\t\t<th class=\"wpr-table-th elementor-repeater-item-aa08a73\" colspan=\"1\">\n\t\t\t\t\t\t\t<div class=\"\">\n\t\t\t\t\t\t\t\t\t\t\t\t\t\t\t\t\n\t\t\t\t\t\t\t\t\t\t\t\t\t\t\t\t\t<span class=\"wpr-table-text\">Photo Responsable<\/span>\n\t\t\t\t\t\t\t\t\t\t\t\t\t\t\t\t\t\t\t\t\t\t\t\t\t\t\t\t\t\t\t\t\t\t\t\t\t\t\t\t\t\t\t\t\t\t\t<\/div>\n\t\t\t\t\t\t<\/th>\n\t\t\t\t\t\t\t\t\t\t\t<\/tr>\n\t\t\t\t<\/thead>\n\n\t\t\t\t<tbody>\n\t\t\t\t\t\t\t\t\t<tr class=\"wpr-table-body-row wpr-table-row elementor-repeater-item-f370ce1 wpr-odd\">\n\t\t\t\t\t\t\t\t\t\t\t\t\t\n\t\t\t\t\t\t\t<td colspan=\"\" rowspan=\"\" class=\"elementor-repeater-item-7285e24 wpr-table-td\">\n\n\t\t\t\t\t\t\t\t<div class=\"wpr-td-content-wrapper \">\n\n\t\t\t\t\t\t\t\t\t\t\t\t\t\t\t\t\t\t\t\t\t\t\t\t\t\t\t\t\t<a href=\"https:\/\/royal-elementor-addons.com\/\" target=\"_blank\">\n\t\t\t\t\t\t\t\t\t \n\t\t\t\t\t\t\t\t\t\t\t<span class=\"wpr-table-text\">\n\t\t\t\t\t\t\t\t\t\t\t\tLundi : 07h30 - 15h30  <\/br><\/br>\n\nMardi : 07h30 - 15h30 <\/br><\/br>\n\nMercredi : 07h30 - 15h30  <\/br><\/br>\n\nJeudi : 07h30 - 15h30  <\/br><\/br>\n\nVendredi : 07h30 - 15h30\t\t\t\t\t\t\t\t\t\t\t<\/span>\n\t\t\t\t\t\t\t\t\t\t\t\t\t\t\t\t\t\t\t\t<\/a>\n\t\t\t\t\t\t\t\t\t\t\t\t\t\t\t\t\t\t\t\t\t\t\t\t\t\t\t\t\n\t\t\t\t\t\t\t\t<\/div>\n\n\t\t\t\t\t\t\t<\/td>\n\t\t\t\t\t\t\t\t\t\t\t\t\t\t\t\n\t\t\t\t\t\t\t<td colspan=\"\" rowspan=\"\" class=\"elementor-repeater-item-6920ad6 wpr-table-td\">\n\n\t\t\t\t\t\t\t\t<div class=\"wpr-td-content-wrapper \">\n\n\t\t\t\t\t\t\t\t\t\t\t\t\t\t\t\t\t\t\t\t\t\t\t\t\t\t\t\t\t<a href=\"https:\/\/royal-elementor-addons.com\/\" target=\"_blank\">\n\t\t\t\t\t\t\t\t\t \n\t\t\t\t\t\t\t\t\t\t\t<span class=\"wpr-table-text\">\n\t\t\t\t\t\t\t\t\t\t\t\tNom : Nom du responsable <\/br><\/br>\n\nT\u00e9l\u00e9phone : +237 690000000 <\/br><\/br>\n\nEmail : exemple@gmail.com\t\t\t\t\t\t\t\t\t\t\t<\/span>\n\t\t\t\t\t\t\t\t\t\t\t\t\t\t\t\t\t\t\t\t<\/a>\n\t\t\t\t\t\t\t\t\t\t\t\t\t\t\t\t\t\t\t\t\t\t\t\t\t\t\t\t\n\t\t\t\t\t\t\t\t<\/div>\n\n\t\t\t\t\t\t\t<\/td>\n\t\t\t\t\t\t\t\t\t\t\t\t\t\t\t\n\t\t\t\t\t\t\t<td colspan=\"\" rowspan=\"\" class=\"elementor-repeater-item-096a248 wpr-table-td\">\n\n\t\t\t\t\t\t\t\t<div class=\"wpr-td-content-wrapper \">\n\n\t\t\t\t\t\t\t\t\t\t\t\t\t\t\t\t\t\t\t\t\t\t\t\t\t\t\t\n\t\t\t\t\t\t\t\t<\/div>\n\n\t\t\t\t\t\t\t<\/td>\n\t\t\t\t\t\t\t\t\t\t\t\t<\/tr>\n\t\t\t        \t\t\t\t<\/tbody>\n\t\t\t<\/table>\n\t\t<\/div>\n\t\t<\/div>\n    \t\t\t\t\t<\/div>\n\t\t\t\t\t<\/div>\n\t\t\t\t<\/div>\n\t\t\t\t<\/div>\n\t\t","protected":false},"excerpt":{"rendered":"<p>Service des Affaires Sociales La\u00a0 commune a une comp\u00e9tence globale dans le champ de l\u2019action sociale et m\u00e9dico-sociale. A ce titre, elle a pour mission d\u2019accompagner et de soutenir au quotidien les plus vuln\u00e9rables afin de lutter contre toutes les formes d\u2019exclusion, de r\u00e9duire les in\u00e9galit\u00e9s et de faciliter l\u2019acc\u00e8s aux droits. L\u2019action sociale de la commune\u00a0: qu\u2019est-ce que c\u2019est\u00a0? Son action sociale\u00a0concerne essentiellement l\u2019attribution des aides et secours aux indigents et aux n\u00e9cessiteux \u00e0 travers\u00a0: Une assistance publique imm\u00e9diate et ponctuelle\u00a0: aide m\u00e9dicale, scolaire, alimentaire et en produits de premi\u00e8re n\u00e9cessit\u00e9\u00a0; assistance juridique, aide au regroupement familial. Une assistance publique soutenue\u00a0: aide en appareillage et \u00e9quipements adapt\u00e9s, aide socio\u00e9conomique. Il s\u2019agit\u00a0: Des personnes handicap\u00e9es physiques, mentales, visuelles, phoniques et auditives\u00a0; Des polyhandicap\u00e9s\u00a0; Des enfants mineurs n\u00e9s de parents handicap\u00e9s, indigents ou n\u00e9cessiteux\u00a0; Des personnes ne pouvant, en raison de leur \u00e9tat, participer \u00e0 l\u2019effort de productif g\u00e9n\u00e9rateur de revenus\u00a0; Des personnes rendues temporairement invalides en raison des circonstances impr\u00e9visibles. Quels sont les \u00e9l\u00e9ments constitutifs du Dossier : Une demande non timbr\u00e9e sur papier simple adress\u00e9e au Maire\u00a0via le centre social ou le service d\u2019action sociale de la commune du ressort ; Des justificatifs de la demande, notamment et, selon le cas, l\u2019ordonnance m\u00e9dicale d\u00e9livr\u00e9e par un m\u00e9decin asserment\u00e9, une ou des factures pro forma, le certificat m\u00e9dical, une ou des photos, ou tout autre document pertinent\u00a0; Une photocopie de la carte nationale d\u2019invalidit\u00e9 ou un certificat m\u00e9dical attestant de l\u2019invalidit\u00e9 et indiquant le taux d\u2019invalidit\u00e9 du requ\u00e9rant, pour les personnes handicap\u00e9es\u00a0; Une photocopie de la CNI\u00a0; un certificat de domicile d\u00e9livr\u00e9e par l\u2019autorit\u00e9 comp\u00e9tente et attestant que le requ\u00e9rant r\u00e9side dans la commune du ressort. Quelles sont les \u00e9tapes de traitement du dossier\u00a0? R\u00e9alisation d\u2019une enqu\u00eate sociale par un travailleur social du centre social de la commune du ressort\u00a0; R\u00e9daction du rapport d\u2019enqu\u00eate avec avis motiv\u00e9 et transmission dudit rapport au Maire comp\u00e9tent\u00a0; Etablissement d\u2019un certificat d\u2019indigence qui peut ouvrir droit \u00e0 l\u2019aide ou au secours\u00a0; S\u00e9lection des b\u00e9n\u00e9ficiaires des aides et secours par le Comit\u00e9 Communal d\u2019attribution des aides et secours\u00a0; Mise \u00e0 disposition des aides et secours en fonction de leur nature. Le circuit et les d\u00e9lais de traitement des dossiers de demande d\u2019aide et de secours font l\u2019objet d\u2019une note de service. Horaires Contact Responsable Photo Responsable Lundi : 07h30 &#8211; 15h30 Mardi : 07h30 &#8211; 15h30 Mercredi : 07h30 &#8211; 15h30 Jeudi : 07h30 &#8211; 15h30 Vendredi : 07h30 &#8211; 15h30 Nom : Nom du responsable T\u00e9l\u00e9phone : +237 690000000 Email : exemple@gmail.com<\/p>\n","protected":false},"author":1,"featured_media":0,"comment_status":"open","ping_status":"open","sticky":false,"template":"","format":"standard","meta":{"footnotes":""},"categories":[28],"tags":[],"class_list":["post-1240","post","type-post","status-publish","format-standard","hentry","category-nos-services"],"_links":{"self":[{"href":"https:\/\/www.betare-oya.com\/index.php\/wp-json\/wp\/v2\/posts\/1240","targetHints":{"allow":["GET"]}}],"collection":[{"href":"https:\/\/www.betare-oya.com\/index.php\/wp-json\/wp\/v2\/posts"}],"about":[{"href":"https:\/\/www.betare-oya.com\/index.php\/wp-json\/wp\/v2\/types\/post"}],"author":[{"embeddable":true,"href":"https:\/\/www.betare-oya.com\/index.php\/wp-json\/wp\/v2\/users\/1"}],"replies":[{"embeddable":true,"href":"https:\/\/www.betare-oya.com\/index.php\/wp-json\/wp\/v2\/comments?post=1240"}],"version-history":[{"count":10,"href":"https:\/\/www.betare-oya.com\/index.php\/wp-json\/wp\/v2\/posts\/1240\/revisions"}],"predecessor-version":[{"id":1252,"href":"https:\/\/www.betare-oya.com\/index.php\/wp-json\/wp\/v2\/posts\/1240\/revisions\/1252"}],"wp:attachment":[{"href":"https:\/\/www.betare-oya.com\/index.php\/wp-json\/wp\/v2\/media?parent=1240"}],"wp:term":[{"taxonomy":"category","embeddable":true,"href":"https:\/\/www.betare-oya.com\/index.php\/wp-json\/wp\/v2\/categories?post=1240"},{"taxonomy":"post_tag","embeddable":true,"href":"https:\/\/www.betare-oya.com\/index.php\/wp-json\/wp\/v2\/tags?post=1240"}],"curies":[{"name":"wp","href":"https:\/\/api.w.org\/{rel}","templated":true}]}}